{"id":21028,"date":"2022-04-22T11:27:27","date_gmt":"2022-04-22T11:27:27","guid":{"rendered":"https:\/\/www.sifcoasc.com\/?p=21028"},"modified":"2023-01-31T10:14:30","modified_gmt":"2023-01-31T10:14:30","slug":"en-dag-i-livet-for-en-sifco-asc-plating-technician","status":"publish","type":"post","link":"https:\/\/www.sifcoasc.com\/sv\/blog\/en-dag-i-livet-for-en-sifco-asc-plating-technician","title":{"rendered":"En dag i livet f\u00f6r en SIFCO ASC Plating Technician"},"content":{"rendered":"<div style=\"margin-top: 0px; margin-bottom: 0px;\" class=\"sharethis-inline-share-buttons\" ><\/div><div class=\"right-image\"> <\/div>\n<p><strong>P\u00e5 SIFCO ASC \u00e4r v\u00e5ra ingenj\u00f6rer i hj\u00e4rtat av det vi g\u00f6r, och f\u00f6r dem \u00e4r ingen dag den andra lik. F\u00f6r att verkligen f\u00f6rst\u00e5 hur det \u00e4r att vara en SIFCO ASC-ingenj\u00f6r, tr\u00e4ffade vi Tom Gregg, Jr. som delade insikter om sin roll och varf\u00f6r han \u00e4r s\u00e5 passionerad f\u00f6r sitt arbete.<\/strong><\/p>\n<p>Efter att ha arbetat p\u00e5 SIFCO ASC i n\u00e4stan tv\u00e5 decennier \u00e4r Toms kunskap \u2013 om branschen, om kunder och om processer \u2013 sv\u00e5r att sl\u00e5. Ut\u00f6ver det kompletteras hans f\u00f6rm\u00e5ga att arbeta flexibelt och hantera kr\u00e4vande skiftm\u00f6nster av hans skr\u00e4ddarsydda utbildning och stora erfarenhet. Innan han b\u00f6rjade p\u00e5 den selektiva pl\u00e4teringsindustrin arbetade Tom p\u00e5 ett st\u00e5lverk som hj\u00e4lpte honom att etablera viktiga f\u00e4rdigheter som har hj\u00e4lpt honom att bli en sann kredit till SIFCO ASC-teamet.<\/p>\n<p>Efter att ha b\u00f6rjat p\u00e5 f\u00f6retaget 2002, innebar expertutbildning p\u00e5 jobbet att Tom snabbt kunde \u00f6verf\u00f6ra sina f\u00e4rdigheter f\u00f6r att s\u00e4kerst\u00e4lla att SIFCO Process\u00ae merv\u00e4rde till varje kundjobb, samt att h\u00e5lla j\u00e4mna steg med kraven fr\u00e5n sina kunders industrier. . Med tiden har Tom arbetat sig upp till positionen som Class 1 Plater, vilket ger honom ansvaret f\u00f6r verkstadsgolvet.<\/p>\n<p><strong>En vanlig dag<\/strong><\/p>\n<p>&#8220;Det b\u00e4sta s\u00e4ttet att beskriva min typiska dag \u00e4r att s\u00e4ga att ingen dag \u00e4r den andra lik&#8221;, s\u00e4ger Tom. &#8220;P\u00e5 grund av v\u00e5r tj\u00e4nsts b\u00e4rbara karakt\u00e4r har vi regelbundet \u00f6vernattningsresor till kundernas webbplatser, vilket g\u00f6r processen s\u00e5 smidig som m\u00f6jligt f\u00f6r dem. I praktiken minskar det stillest\u00e5ndstiden och alla kostnader som \u00e4r f\u00f6rknippade med det, samt besv\u00e4ret med enorma reparations- eller underh\u00e5llsoperationer. F\u00f6r mig och teamet kan det inneb\u00e4ra att resa till Kentucky, Indiana eller Pennsylvania, och f\u00f6rmodligen tillbringa ett par dagar p\u00e5 resande fot f\u00f6r varje jobb. Men kunderna uppskattar det och f\u00f6r oss g\u00f6r det varje jobb annorlunda och mer sp\u00e4nnande att arbeta med.<\/p>\n<p>\u201dSj\u00e4lvklart kan kundarbete p\u00e5 plats inneb\u00e4ra n\u00e5gra utmaningar. F\u00f6r varje jobb arbetar vi mycket n\u00e4ra kunden f\u00f6r att se till att milj\u00f6n \u00e4r redo f\u00f6r oss att utf\u00f6ra v\u00e5rt arbete. Utan det vore det n\u00e4stan om\u00f6jligt f\u00f6r oss att utf\u00f6ra v\u00e5rt arbete effektivt \u2013 utan att f\u00f6rst reng\u00f6ra n\u00e4romr\u00e5det. D\u00e4rifr\u00e5n kan vi utf\u00f6ra den specifika upps\u00e4ttningen som kr\u00e4vs f\u00f6r att effektivt till\u00e4mpa v\u00e5r process \u2013 en k\u00e4nslig uppgift som blir enklare med erfarenhet s\u00e5 att operationen g\u00e5r smidigt.<\/p>\n<p>\u201dV\u00e5ra kunder uppskattar verkligen alla dessa tj\u00e4nster. V\u00e5r process och det s\u00e4tt p\u00e5 vilket vi utf\u00f6r den kan \u2013 och g\u00f6r \u2013 spara dem mycket pengar p\u00e5 l\u00e5ng sikt och hj\u00e4lper dem att f\u00e5 ut det mesta av sin kritiska utrustning.\u201d<\/p>\n<div class=\"right-image\"><iframe src=\"https:\/\/www.youtube.com\/embed\/E9vLFNfEJcw?feature=oembed\" allow=\"accelerometer; autoplay; encrypted-media; gyroscope; picture-in- picture\" allowfullscreen=\"\" width=\"100%\" height=\"281\" frameborder=\"0\"><\/iframe> <\/div>\n<p><strong>Utveckla relationer<\/strong><\/p>\n<p>&#8220;Under den tid som jag har varit en del av SIFCO ASC-teamet har jag utvecklat en utm\u00e4rkt relation med kunder, och n\u00e4r de beh\u00f6ver v\u00e5ra tj\u00e4nster kommer de ofta att fr\u00e5ga efter mig vid namn, vilket alltid \u00e4r trevligt eftersom det betyder att de&#8221; \u00e4r s\u00e4ker p\u00e5 mitt och det bredare teamets arbete. Naturligtvis, n\u00e4r du har arbetat med kunder n\u00e5gra g\u00e5nger, l\u00e4r du k\u00e4nna dem personligen ocks\u00e5, och det g\u00f6r mitt arbete \u00e4nnu roligare. S\u00e5 \u00e4ven n\u00e4r jag \u00e4r p\u00e5 resande fot i n\u00e5gra dagar finns det n\u00e4stan alltid n\u00e5gra bekanta ansikten runt omkring.&#8221;<\/p>\n<p>Den gl\u00e4dje Tom f\u00e5r av sitt dagliga arbete n\u00e4r han arbetar med kunder och bes\u00f6ker deras sajter har ocks\u00e5 mottagits positivt av hans familj.<\/p>\n<p>&#8220;Efter att ha tillbringat en stor del av min karri\u00e4r med SIFCO ASC har min familj sett hur mycket jag tycker om mitt arbete, s\u00e5 mycket att n\u00e4r min son fick m\u00f6jligheten att g\u00e5 med gjorde han det. Ur mitt perspektiv s\u00e4ger det mycket om vilken typ av f\u00f6retag SIFCO ASC \u00e4r, och jag \u00e4r stolt \u00f6ver att se min son f\u00e5 tillg\u00e5ng till samma m\u00f6jligheter som jag och bygga en karri\u00e4r med ett starkt f\u00f6retag som har ett lika stolt arv.<\/p>\n<p>I takt med att Toms \u2013 och hans sons \u2013 roll utvecklas, blir de allt mer bekanta med branschens trender och utmaningar, fr\u00e5n f\u00f6r\u00e4ndringar i utrustning till automatisering. Deras erfarenhet, tillsammans med expertis fr\u00e5n SIFCO ASC, s\u00e4kerst\u00e4ller att de kan m\u00f6ta m\u00e5nga kr\u00e4vande till\u00e4mpningar, samtidigt som de forts\u00e4tter att tillhandah\u00e5lla en h\u00f6g serviceniv\u00e5 som ligger i v\u00e5rt f\u00f6retags hj\u00e4rta.<\/p>\n","protected":false},"excerpt":{"rendered":"<p>P\u00e5 SIFCO ASC \u00e4r v\u00e5ra ingenj\u00f6rer i hj\u00e4rtat av det vi g\u00f6r, och f\u00f6r dem \u00e4r ingen dag den andra lik. F\u00f6r att verkligen f\u00f6rst\u00e5 hur det \u00e4r att vara en SIFCO ASC-ingenj\u00f6r, tr\u00e4ffade vi Tom Gregg, Jr. som delade insikter om sin roll och varf\u00f6r han \u00e4r s\u00e5 passionerad f\u00f6r sitt arbete. Efter att [&hellip;]<\/p>\n","protected":false},"author":18,"featured_media":0,"comment_status":"open","ping_status":"open","sticky":false,"template":"","format":"standard","meta":{"_acf_changed":false,"inline_featured_image":false,"footnotes":""},"categories":[36],"tags":[],"class_list":["post-21028","post","type-post","status-publish","format-standard","hentry","category-okategoriserad"],"acf":[],"yoast_head":"<!-- This site is optimized with the Yoast SEO plugin v27.4 - https:\/\/yoast.com\/product\/yoast-seo-wordpress\/ -->\n<title>En dag i livet f\u00f6r en SIFCO ASC Plating Technician - SIFCO Applied Surface Concepts<\/title>\n<meta name=\"description\" content=\"P\u00e5 SIFCO ASC \u00e4r v\u00e5ra ingenj\u00f6rer i hj\u00e4rtat av det vi g\u00f6r, och f\u00f6r dem \u00e4r ingen dag den andra lik. F\u00f6r att verkligen f\u00f6rst\u00e5 hur det \u00e4r att vara en SIFCO ASC-ingenj\u00f6r, tr\u00e4ffade vi Tom Gregg, Jr. som delade insikter om sin roll och varf\u00f6r han \u00e4r s\u00e5 passionerad f\u00f6r sitt arbete. Efter att\" \/>\n<meta name=\"robots\" content=\"index, follow, max-snippet:-1, max-image-preview:large, max-video-preview:-1\" \/>\n<link rel=\"canonical\" href=\"https:\/\/www.sifcoasc.com\/sv\/blog\/en-dag-i-livet-for-en-sifco-asc-plating-technician\" \/>\n<meta property=\"og:locale\" content=\"sv_SE\" \/>\n<meta property=\"og:type\" content=\"article\" \/>\n<meta property=\"og:title\" content=\"En dag i livet f\u00f6r en SIFCO ASC Plating Technician - SIFCO Applied Surface Concepts\" \/>\n<meta property=\"og:description\" content=\"P\u00e5 SIFCO ASC \u00e4r v\u00e5ra ingenj\u00f6rer i hj\u00e4rtat av det vi g\u00f6r, och f\u00f6r dem \u00e4r ingen dag den andra lik. F\u00f6r att verkligen f\u00f6rst\u00e5 hur det \u00e4r att vara en SIFCO ASC-ingenj\u00f6r, tr\u00e4ffade vi Tom Gregg, Jr. som delade insikter om sin roll och varf\u00f6r han \u00e4r s\u00e5 passionerad f\u00f6r sitt arbete. Efter att\" \/>\n<meta property=\"og:url\" content=\"https:\/\/www.sifcoasc.com\/sv\/blog\/en-dag-i-livet-for-en-sifco-asc-plating-technician\" \/>\n<meta property=\"og:site_name\" content=\"SIFCO Applied Surface Concepts\" \/>\n<meta property=\"article:published_time\" content=\"2022-04-22T11:27:27+00:00\" \/>\n<meta property=\"article:modified_time\" content=\"2023-01-31T10:14:30+00:00\" \/>\n<meta name=\"author\" content=\"tmswebsiteadmin\" \/>\n<meta name=\"twitter:label1\" content=\"Written by\" \/>\n\t<meta name=\"twitter:data1\" content=\"tmswebsiteadmin\" \/>\n\t<meta name=\"twitter:label2\" content=\"Est. reading time\" \/>\n\t<meta name=\"twitter:data2\" content=\"4 minuter\" \/>\n<script type=\"application\/ld+json\" class=\"yoast-schema-graph\">{\"@context\":\"https:\\\/\\\/schema.org\",\"@graph\":[{\"@type\":\"Article\",\"@id\":\"https:\\\/\\\/www.sifcoasc.com\\\/sv\\\/blog\\\/en-dag-i-livet-for-en-sifco-asc-plating-technician#article\",\"isPartOf\":{\"@id\":\"https:\\\/\\\/www.sifcoasc.com\\\/sv\\\/blog\\\/en-dag-i-livet-for-en-sifco-asc-plating-technician\"},\"author\":{\"name\":\"tmswebsiteadmin\",\"@id\":\"https:\\\/\\\/www.sifcoasc.com\\\/sv#\\\/schema\\\/person\\\/1018d572c44e775c01be65b3996f3cea\"},\"headline\":\"En dag i livet f\u00f6r en SIFCO ASC Plating Technician\",\"datePublished\":\"2022-04-22T11:27:27+00:00\",\"dateModified\":\"2023-01-31T10:14:30+00:00\",\"mainEntityOfPage\":{\"@id\":\"https:\\\/\\\/www.sifcoasc.com\\\/sv\\\/blog\\\/en-dag-i-livet-for-en-sifco-asc-plating-technician\"},\"wordCount\":821,\"commentCount\":0,\"articleSection\":[\"Okategoriserad\"],\"inLanguage\":\"sv-SE\"},{\"@type\":\"WebPage\",\"@id\":\"https:\\\/\\\/www.sifcoasc.com\\\/sv\\\/blog\\\/en-dag-i-livet-for-en-sifco-asc-plating-technician\",\"url\":\"https:\\\/\\\/www.sifcoasc.com\\\/sv\\\/blog\\\/en-dag-i-livet-for-en-sifco-asc-plating-technician\",\"name\":\"En dag i livet f\u00f6r en SIFCO ASC Plating Technician - SIFCO Applied Surface Concepts\",\"isPartOf\":{\"@id\":\"https:\\\/\\\/www.sifcoasc.com\\\/sv#website\"},\"datePublished\":\"2022-04-22T11:27:27+00:00\",\"dateModified\":\"2023-01-31T10:14:30+00:00\",\"author\":{\"@id\":\"https:\\\/\\\/www.sifcoasc.com\\\/sv#\\\/schema\\\/person\\\/1018d572c44e775c01be65b3996f3cea\"},\"description\":\"P\u00e5 SIFCO ASC \u00e4r v\u00e5ra ingenj\u00f6rer i hj\u00e4rtat av det vi g\u00f6r, och f\u00f6r dem \u00e4r ingen dag den andra lik. F\u00f6r att verkligen f\u00f6rst\u00e5 hur det \u00e4r att vara en SIFCO ASC-ingenj\u00f6r, tr\u00e4ffade vi Tom Gregg, Jr. som delade insikter om sin roll och varf\u00f6r han \u00e4r s\u00e5 passionerad f\u00f6r sitt arbete. Efter att\",\"breadcrumb\":{\"@id\":\"https:\\\/\\\/www.sifcoasc.com\\\/sv\\\/blog\\\/en-dag-i-livet-for-en-sifco-asc-plating-technician#breadcrumb\"},\"inLanguage\":\"sv-SE\",\"potentialAction\":[{\"@type\":\"ReadAction\",\"target\":[\"https:\\\/\\\/www.sifcoasc.com\\\/sv\\\/blog\\\/en-dag-i-livet-for-en-sifco-asc-plating-technician\"]}]},{\"@type\":\"BreadcrumbList\",\"@id\":\"https:\\\/\\\/www.sifcoasc.com\\\/sv\\\/blog\\\/en-dag-i-livet-for-en-sifco-asc-plating-technician#breadcrumb\",\"itemListElement\":[{\"@type\":\"ListItem\",\"position\":1,\"name\":\"Home\",\"item\":\"https:\\\/\\\/www.sifcoasc.com\\\/sv\"},{\"@type\":\"ListItem\",\"position\":2,\"name\":\"En dag i livet f\u00f6r en SIFCO ASC Plating Technician\"}]},{\"@type\":\"WebSite\",\"@id\":\"https:\\\/\\\/www.sifcoasc.com\\\/sv#website\",\"url\":\"https:\\\/\\\/www.sifcoasc.com\\\/sv\",\"name\":\"SIFCO Applied Surface Concepts\",\"description\":\"\",\"potentialAction\":[{\"@type\":\"SearchAction\",\"target\":{\"@type\":\"EntryPoint\",\"urlTemplate\":\"https:\\\/\\\/www.sifcoasc.com\\\/sv?s={search_term_string}\"},\"query-input\":{\"@type\":\"PropertyValueSpecification\",\"valueRequired\":true,\"valueName\":\"search_term_string\"}}],\"inLanguage\":\"sv-SE\"},{\"@type\":\"Person\",\"@id\":\"https:\\\/\\\/www.sifcoasc.com\\\/sv#\\\/schema\\\/person\\\/1018d572c44e775c01be65b3996f3cea\",\"name\":\"tmswebsiteadmin\",\"url\":\"https:\\\/\\\/www.sifcoasc.com\\\/sv\\\/blog\\\/author\\\/tmswebsiteadmin\"}]}<\/script>\n<!-- \/ Yoast SEO plugin. -->","yoast_head_json":{"title":"En dag i livet f\u00f6r en SIFCO ASC Plating Technician - SIFCO Applied Surface Concepts","description":"P\u00e5 SIFCO ASC \u00e4r v\u00e5ra ingenj\u00f6rer i hj\u00e4rtat av det vi g\u00f6r, och f\u00f6r dem \u00e4r ingen dag den andra lik. F\u00f6r att verkligen f\u00f6rst\u00e5 hur det \u00e4r att vara en SIFCO ASC-ingenj\u00f6r, tr\u00e4ffade vi Tom Gregg, Jr. som delade insikter om sin roll och varf\u00f6r han \u00e4r s\u00e5 passionerad f\u00f6r sitt arbete. Efter att","robots":{"index":"index","follow":"follow","max-snippet":"max-snippet:-1","max-image-preview":"max-image-preview:large","max-video-preview":"max-video-preview:-1"},"canonical":"https:\/\/www.sifcoasc.com\/sv\/blog\/en-dag-i-livet-for-en-sifco-asc-plating-technician","og_locale":"sv_SE","og_type":"article","og_title":"En dag i livet f\u00f6r en SIFCO ASC Plating Technician - SIFCO Applied Surface Concepts","og_description":"P\u00e5 SIFCO ASC \u00e4r v\u00e5ra ingenj\u00f6rer i hj\u00e4rtat av det vi g\u00f6r, och f\u00f6r dem \u00e4r ingen dag den andra lik. F\u00f6r att verkligen f\u00f6rst\u00e5 hur det \u00e4r att vara en SIFCO ASC-ingenj\u00f6r, tr\u00e4ffade vi Tom Gregg, Jr. som delade insikter om sin roll och varf\u00f6r han \u00e4r s\u00e5 passionerad f\u00f6r sitt arbete. Efter att","og_url":"https:\/\/www.sifcoasc.com\/sv\/blog\/en-dag-i-livet-for-en-sifco-asc-plating-technician","og_site_name":"SIFCO Applied Surface Concepts","article_published_time":"2022-04-22T11:27:27+00:00","article_modified_time":"2023-01-31T10:14:30+00:00","author":"tmswebsiteadmin","twitter_misc":{"Written by":"tmswebsiteadmin","Est. reading time":"4 minuter"},"schema":{"@context":"https:\/\/schema.org","@graph":[{"@type":"Article","@id":"https:\/\/www.sifcoasc.com\/sv\/blog\/en-dag-i-livet-for-en-sifco-asc-plating-technician#article","isPartOf":{"@id":"https:\/\/www.sifcoasc.com\/sv\/blog\/en-dag-i-livet-for-en-sifco-asc-plating-technician"},"author":{"name":"tmswebsiteadmin","@id":"https:\/\/www.sifcoasc.com\/sv#\/schema\/person\/1018d572c44e775c01be65b3996f3cea"},"headline":"En dag i livet f\u00f6r en SIFCO ASC Plating Technician","datePublished":"2022-04-22T11:27:27+00:00","dateModified":"2023-01-31T10:14:30+00:00","mainEntityOfPage":{"@id":"https:\/\/www.sifcoasc.com\/sv\/blog\/en-dag-i-livet-for-en-sifco-asc-plating-technician"},"wordCount":821,"commentCount":0,"articleSection":["Okategoriserad"],"inLanguage":"sv-SE"},{"@type":"WebPage","@id":"https:\/\/www.sifcoasc.com\/sv\/blog\/en-dag-i-livet-for-en-sifco-asc-plating-technician","url":"https:\/\/www.sifcoasc.com\/sv\/blog\/en-dag-i-livet-for-en-sifco-asc-plating-technician","name":"En dag i livet f\u00f6r en SIFCO ASC Plating Technician - SIFCO Applied Surface Concepts","isPartOf":{"@id":"https:\/\/www.sifcoasc.com\/sv#website"},"datePublished":"2022-04-22T11:27:27+00:00","dateModified":"2023-01-31T10:14:30+00:00","author":{"@id":"https:\/\/www.sifcoasc.com\/sv#\/schema\/person\/1018d572c44e775c01be65b3996f3cea"},"description":"P\u00e5 SIFCO ASC \u00e4r v\u00e5ra ingenj\u00f6rer i hj\u00e4rtat av det vi g\u00f6r, och f\u00f6r dem \u00e4r ingen dag den andra lik. F\u00f6r att verkligen f\u00f6rst\u00e5 hur det \u00e4r att vara en SIFCO ASC-ingenj\u00f6r, tr\u00e4ffade vi Tom Gregg, Jr. som delade insikter om sin roll och varf\u00f6r han \u00e4r s\u00e5 passionerad f\u00f6r sitt arbete. Efter att","breadcrumb":{"@id":"https:\/\/www.sifcoasc.com\/sv\/blog\/en-dag-i-livet-for-en-sifco-asc-plating-technician#breadcrumb"},"inLanguage":"sv-SE","potentialAction":[{"@type":"ReadAction","target":["https:\/\/www.sifcoasc.com\/sv\/blog\/en-dag-i-livet-for-en-sifco-asc-plating-technician"]}]},{"@type":"BreadcrumbList","@id":"https:\/\/www.sifcoasc.com\/sv\/blog\/en-dag-i-livet-for-en-sifco-asc-plating-technician#breadcrumb","itemListElement":[{"@type":"ListItem","position":1,"name":"Home","item":"https:\/\/www.sifcoasc.com\/sv"},{"@type":"ListItem","position":2,"name":"En dag i livet f\u00f6r en SIFCO ASC Plating Technician"}]},{"@type":"WebSite","@id":"https:\/\/www.sifcoasc.com\/sv#website","url":"https:\/\/www.sifcoasc.com\/sv","name":"SIFCO Applied Surface Concepts","description":"","potentialAction":[{"@type":"SearchAction","target":{"@type":"EntryPoint","urlTemplate":"https:\/\/www.sifcoasc.com\/sv?s={search_term_string}"},"query-input":{"@type":"PropertyValueSpecification","valueRequired":true,"valueName":"search_term_string"}}],"inLanguage":"sv-SE"},{"@type":"Person","@id":"https:\/\/www.sifcoasc.com\/sv#\/schema\/person\/1018d572c44e775c01be65b3996f3cea","name":"tmswebsiteadmin","url":"https:\/\/www.sifcoasc.com\/sv\/blog\/author\/tmswebsiteadmin"}]}},"featured_image_src":null,"featured_image_src_square":null,"author_info":{"display_name":"tmswebsiteadmin","author_link":"https:\/\/www.sifcoasc.com\/sv\/blog\/author\/tmswebsiteadmin"},"_links":{"self":[{"href":"https:\/\/www.sifcoasc.com\/sv\/wp-json\/wp\/v2\/posts\/21028","targetHints":{"allow":["GET"]}}],"collection":[{"href":"https:\/\/www.sifcoasc.com\/sv\/wp-json\/wp\/v2\/posts"}],"about":[{"href":"https:\/\/www.sifcoasc.com\/sv\/wp-json\/wp\/v2\/types\/post"}],"author":[{"embeddable":true,"href":"https:\/\/www.sifcoasc.com\/sv\/wp-json\/wp\/v2\/users\/18"}],"replies":[{"embeddable":true,"href":"https:\/\/www.sifcoasc.com\/sv\/wp-json\/wp\/v2\/comments?post=21028"}],"version-history":[{"count":0,"href":"https:\/\/www.sifcoasc.com\/sv\/wp-json\/wp\/v2\/posts\/21028\/revisions"}],"wp:attachment":[{"href":"https:\/\/www.sifcoasc.com\/sv\/wp-json\/wp\/v2\/media?parent=21028"}],"wp:term":[{"taxonomy":"category","embeddable":true,"href":"https:\/\/www.sifcoasc.com\/sv\/wp-json\/wp\/v2\/categories?post=21028"},{"taxonomy":"post_tag","embeddable":true,"href":"https:\/\/www.sifcoasc.com\/sv\/wp-json\/wp\/v2\/tags?post=21028"}],"curies":[{"name":"wp","href":"https:\/\/api.w.org\/{rel}","templated":true}]}}